{"id":2644,"date":"2025-11-23T20:19:00","date_gmt":"2025-11-23T19:19:00","guid":{"rendered":"https:\/\/sport-vereint.de\/juntos-mas-fuertes-por-la-integracion\/"},"modified":"2026-02-10T19:31:27","modified_gmt":"2026-02-10T18:31:27","slug":"juntos-mas-fuertes-por-la-integracion","status":"publish","type":"post","link":"https:\/\/sport-vereint.de\/es\/juntos-mas-fuertes-por-la-integracion\/","title":{"rendered":"JUNTOS, M\u00c1S FUERTES POR LA INTEGRACI\u00d3N"},"content":{"rendered":"\n<p>En la conferencia especializada <strong>\u00abIntegraci\u00f3n a trav\u00e9s del deporte\u00bb<\/strong> en Potsdam, se reunieron numerosos participantes de clubes deportivos, asociaciones y proyectos para intercambiar ideas sobre los desarrollos actuales, ejemplos de buenas pr\u00e1cticas y nuevos impulsos. El evento demostr\u00f3 una vez m\u00e1s la importancia del deporte para una convivencia respetuosa y procesos de integraci\u00f3n exitosos. <\/p>\n\n<figure class=\"wp-block-gallery has-nested-images columns-default is-cropped wp-block-gallery-1 is-layout-flex wp-block-gallery-is-layout-flex\">\n<figure class=\"wp-block-image size-large\"><img fetchpriority=\"high\" decoding=\"async\" width=\"1024\" height=\"681\" data-id=\"2076\" src=\"https:\/\/sport-vereint.de\/wp-content\/uploads\/2025\/11\/2025-11-08-Fachtagung-IDS-Potsdam_6-min-scaled-1-1024x681.webp\" alt=\"\" class=\"wp-image-2076\" srcset=\"https:\/\/sport-vereint.de\/wp-content\/uploads\/2025\/11\/2025-11-08-Fachtagung-IDS-Potsdam_6-min-scaled-1-1024x681.webp 1024w, https:\/\/sport-vereint.de\/wp-content\/uploads\/2025\/11\/2025-11-08-Fachtagung-IDS-Potsdam_6-min-scaled-1-300x200.webp 300w, https:\/\/sport-vereint.de\/wp-content\/uploads\/2025\/11\/2025-11-08-Fachtagung-IDS-Potsdam_6-min-scaled-1-768x511.webp 768w, https:\/\/sport-vereint.de\/wp-content\/uploads\/2025\/11\/2025-11-08-Fachtagung-IDS-Potsdam_6-min-scaled-1-1536x1022.webp 1536w, https:\/\/sport-vereint.de\/wp-content\/uploads\/2025\/11\/2025-11-08-Fachtagung-IDS-Potsdam_6-min-scaled-1.webp 1920w\" sizes=\"(max-width: 1024px) 100vw, 1024px\" \/><\/figure>\n\n\n\n<figure class=\"wp-block-image size-large\"><img decoding=\"async\" width=\"1024\" height=\"681\" data-id=\"2075\" src=\"https:\/\/sport-vereint.de\/wp-content\/uploads\/2025\/11\/2025-11-08-Fachtagung-IDS-Potsdam_5-min-scaled-1-1024x681.webp\" alt=\"\" class=\"wp-image-2075\" srcset=\"https:\/\/sport-vereint.de\/wp-content\/uploads\/2025\/11\/2025-11-08-Fachtagung-IDS-Potsdam_5-min-scaled-1-1024x681.webp 1024w, https:\/\/sport-vereint.de\/wp-content\/uploads\/2025\/11\/2025-11-08-Fachtagung-IDS-Potsdam_5-min-scaled-1-300x200.webp 300w, https:\/\/sport-vereint.de\/wp-content\/uploads\/2025\/11\/2025-11-08-Fachtagung-IDS-Potsdam_5-min-scaled-1-768x511.webp 768w, https:\/\/sport-vereint.de\/wp-content\/uploads\/2025\/11\/2025-11-08-Fachtagung-IDS-Potsdam_5-min-scaled-1-1536x1022.webp 1536w, https:\/\/sport-vereint.de\/wp-content\/uploads\/2025\/11\/2025-11-08-Fachtagung-IDS-Potsdam_5-min-scaled-1.webp 1920w\" sizes=\"(max-width: 1024px) 100vw, 1024px\" \/><\/figure>\n\n\n\n<figure class=\"wp-block-image size-large\"><img decoding=\"async\" width=\"1024\" height=\"681\" data-id=\"2074\" src=\"https:\/\/sport-vereint.de\/wp-content\/uploads\/2025\/11\/2025-11-08-Fachtagung-IDS-Potsdam_4-min-scaled-1-1024x681.webp\" alt=\"\" class=\"wp-image-2074\" srcset=\"https:\/\/sport-vereint.de\/wp-content\/uploads\/2025\/11\/2025-11-08-Fachtagung-IDS-Potsdam_4-min-scaled-1-1024x681.webp 1024w, https:\/\/sport-vereint.de\/wp-content\/uploads\/2025\/11\/2025-11-08-Fachtagung-IDS-Potsdam_4-min-scaled-1-300x200.webp 300w, https:\/\/sport-vereint.de\/wp-content\/uploads\/2025\/11\/2025-11-08-Fachtagung-IDS-Potsdam_4-min-scaled-1-768x511.webp 768w, https:\/\/sport-vereint.de\/wp-content\/uploads\/2025\/11\/2025-11-08-Fachtagung-IDS-Potsdam_4-min-scaled-1-1536x1022.webp 1536w, https:\/\/sport-vereint.de\/wp-content\/uploads\/2025\/11\/2025-11-08-Fachtagung-IDS-Potsdam_4-min-scaled-1.webp 1920w\" sizes=\"(max-width: 1024px) 100vw, 1024px\" \/><\/figure>\n\n\n\n<figure class=\"wp-block-image size-large\"><img loading=\"lazy\" decoding=\"async\" width=\"1024\" height=\"682\" data-id=\"2073\" src=\"https:\/\/sport-vereint.de\/wp-content\/uploads\/2025\/11\/2025-11-08-Fachtagung-IDS-Potsdam_3-min-scaled-1-1024x682.webp\" alt=\"\" class=\"wp-image-2073\" srcset=\"https:\/\/sport-vereint.de\/wp-content\/uploads\/2025\/11\/2025-11-08-Fachtagung-IDS-Potsdam_3-min-scaled-1-1024x682.webp 1024w, https:\/\/sport-vereint.de\/wp-content\/uploads\/2025\/11\/2025-11-08-Fachtagung-IDS-Potsdam_3-min-scaled-1-300x200.webp 300w, https:\/\/sport-vereint.de\/wp-content\/uploads\/2025\/11\/2025-11-08-Fachtagung-IDS-Potsdam_3-min-scaled-1-768x511.webp 768w, https:\/\/sport-vereint.de\/wp-content\/uploads\/2025\/11\/2025-11-08-Fachtagung-IDS-Potsdam_3-min-scaled-1-1536x1022.webp 1536w, https:\/\/sport-vereint.de\/wp-content\/uploads\/2025\/11\/2025-11-08-Fachtagung-IDS-Potsdam_3-min-scaled-1.webp 1920w\" sizes=\"(max-width: 1024px) 100vw, 1024px\" \/><\/figure>\n\n\n\n<figure class=\"wp-block-image size-large\"><img loading=\"lazy\" decoding=\"async\" width=\"1024\" height=\"681\" data-id=\"2071\" src=\"https:\/\/sport-vereint.de\/wp-content\/uploads\/2025\/11\/2025-11-08-Fachtagung-IDS-Potsdam_2-min-scaled-1-1024x681.webp\" alt=\"\" class=\"wp-image-2071\" srcset=\"https:\/\/sport-vereint.de\/wp-content\/uploads\/2025\/11\/2025-11-08-Fachtagung-IDS-Potsdam_2-min-scaled-1-1024x681.webp 1024w, https:\/\/sport-vereint.de\/wp-content\/uploads\/2025\/11\/2025-11-08-Fachtagung-IDS-Potsdam_2-min-scaled-1-300x200.webp 300w, https:\/\/sport-vereint.de\/wp-content\/uploads\/2025\/11\/2025-11-08-Fachtagung-IDS-Potsdam_2-min-scaled-1-768x511.webp 768w, https:\/\/sport-vereint.de\/wp-content\/uploads\/2025\/11\/2025-11-08-Fachtagung-IDS-Potsdam_2-min-scaled-1-1536x1022.webp 1536w, https:\/\/sport-vereint.de\/wp-content\/uploads\/2025\/11\/2025-11-08-Fachtagung-IDS-Potsdam_2-min-scaled-1.webp 1920w\" sizes=\"(max-width: 1024px) 100vw, 1024px\" \/><\/figure>\n\n\n\n<figure class=\"wp-block-image size-large\"><img loading=\"lazy\" decoding=\"async\" width=\"1024\" height=\"682\" data-id=\"2069\" src=\"https:\/\/sport-vereint.de\/wp-content\/uploads\/2025\/11\/2025-11-08_Jahrestagung-IDSPotsdam-min-scaled-1-1024x682.webp\" alt=\"\" class=\"wp-image-2069\" srcset=\"https:\/\/sport-vereint.de\/wp-content\/uploads\/2025\/11\/2025-11-08_Jahrestagung-IDSPotsdam-min-scaled-1-1024x682.webp 1024w, https:\/\/sport-vereint.de\/wp-content\/uploads\/2025\/11\/2025-11-08_Jahrestagung-IDSPotsdam-min-scaled-1-300x200.webp 300w, https:\/\/sport-vereint.de\/wp-content\/uploads\/2025\/11\/2025-11-08_Jahrestagung-IDSPotsdam-min-scaled-1-768x511.webp 768w, https:\/\/sport-vereint.de\/wp-content\/uploads\/2025\/11\/2025-11-08_Jahrestagung-IDSPotsdam-min-scaled-1-1536x1022.webp 1536w, https:\/\/sport-vereint.de\/wp-content\/uploads\/2025\/11\/2025-11-08_Jahrestagung-IDSPotsdam-min-scaled-1.webp 1920w\" sizes=\"(max-width: 1024px) 100vw, 1024px\" \/><\/figure>\n<\/figure>\n\n<p>El Familien-Sport-Verein-Oberhavel e.V. tambi\u00e9n estuvo representado como un <strong>club de apoyo reconocido en el programa Integraci\u00f3n a trav\u00e9s del deporte<\/strong>. El <g id=\"gid_1\">8 de noviembre de 2025<\/g>, el club present\u00f3 su trabajo de proyecto en la Casa del Deporte, contribuyendo as\u00ed activamente al debate t\u00e9cnico. La conferencia, organizada por la Juventud Deportiva de Brandeburgo, ofreci\u00f3 un marco integral para visibilizar experiencias, fortalecer redes y desarrollar nuevos enfoques para ofertas deportivas integradoras.  <\/p>\n\n<p><\/p>\n","protected":false},"excerpt":{"rendered":"<p>En la conferencia especializada \u00abIntegraci\u00f3n a trav\u00e9s del deporte\u00bb en Potsdam, se reunieron numerosos participantes de clubes deportivos, asociaciones y proyectos para intercambiar ideas sobre los desarrollos actuales, ejemplos de buenas pr\u00e1cticas y nuevos impulsos. El evento demostr\u00f3 una vez m\u00e1s la importancia del deporte para una convivencia respetuosa y procesos de integraci\u00f3n exitosos. El [&hellip;]<\/p>\n","protected":false},"author":2,"featured_media":9630,"comment_status":"closed","ping_status":"closed","sticky":false,"template":"","format":"standard","meta":{"footnotes":""},"categories":[13],"tags":[],"class_list":["post-2644","post","type-post","status-publish","format-standard","has-post-thumbnail","hentry","category-sin-categoria"],"_links":{"self":[{"href":"https:\/\/sport-vereint.de\/es\/wp-json\/wp\/v2\/posts\/2644","targetHints":{"allow":["GET"]}}],"collection":[{"href":"https:\/\/sport-vereint.de\/es\/wp-json\/wp\/v2\/posts"}],"about":[{"href":"https:\/\/sport-vereint.de\/es\/wp-json\/wp\/v2\/types\/post"}],"author":[{"embeddable":true,"href":"https:\/\/sport-vereint.de\/es\/wp-json\/wp\/v2\/users\/2"}],"replies":[{"embeddable":true,"href":"https:\/\/sport-vereint.de\/es\/wp-json\/wp\/v2\/comments?post=2644"}],"version-history":[{"count":6,"href":"https:\/\/sport-vereint.de\/es\/wp-json\/wp\/v2\/posts\/2644\/revisions"}],"predecessor-version":[{"id":9666,"href":"https:\/\/sport-vereint.de\/es\/wp-json\/wp\/v2\/posts\/2644\/revisions\/9666"}],"wp:featuredmedia":[{"embeddable":true,"href":"https:\/\/sport-vereint.de\/es\/wp-json\/wp\/v2\/media\/9630"}],"wp:attachment":[{"href":"https:\/\/sport-vereint.de\/es\/wp-json\/wp\/v2\/media?parent=2644"}],"wp:term":[{"taxonomy":"category","embeddable":true,"href":"https:\/\/sport-vereint.de\/es\/wp-json\/wp\/v2\/categories?post=2644"},{"taxonomy":"post_tag","embeddable":true,"href":"https:\/\/sport-vereint.de\/es\/wp-json\/wp\/v2\/tags?post=2644"}],"curies":[{"name":"wp","href":"https:\/\/api.w.org\/{rel}","templated":true}]}}