{"id":2641,"date":"2025-11-23T20:19:00","date_gmt":"2025-11-23T19:19:00","guid":{"rendered":"https:\/\/sport-vereint.de\/ensemble-plus-forts-pour-lintegration\/"},"modified":"2026-02-10T19:31:27","modified_gmt":"2026-02-10T18:31:27","slug":"ensemble-plus-forts-pour-lintegration","status":"publish","type":"post","link":"https:\/\/sport-vereint.de\/fr\/ensemble-plus-forts-pour-lintegration\/","title":{"rendered":"ENSEMBLE, PLUS FORTS POUR L&rsquo;INT\u00c9GRATION"},"content":{"rendered":"\n<p>Lors du colloque <strong>\u00ab\u00a0L&rsquo;int\u00e9gration par le sport\u00a0\u00bb<\/strong> \u00e0 Potsdam, de nombreux acteurs d&rsquo;associations sportives, de f\u00e9d\u00e9rations et de projets se sont r\u00e9unis pour \u00e9changer sur les d\u00e9veloppements actuels, les exemples de bonnes pratiques et les nouvelles impulsions. L&rsquo;\u00e9v\u00e9nement a une fois de plus soulign\u00e9 l&rsquo;importance du sport pour une coexistence respectueuse et des processus d&rsquo;int\u00e9gration r\u00e9ussis. <\/p>\n\n<figure class=\"wp-block-gallery has-nested-images columns-default is-cropped wp-block-gallery-1 is-layout-flex wp-block-gallery-is-layout-flex\">\n<figure class=\"wp-block-image size-large\"><img fetchpriority=\"high\" decoding=\"async\" width=\"1024\" height=\"681\" data-id=\"2076\" src=\"https:\/\/sport-vereint.de\/wp-content\/uploads\/2025\/11\/2025-11-08-Fachtagung-IDS-Potsdam_6-min-scaled-1-1024x681.webp\" alt=\"\" class=\"wp-image-2076\" srcset=\"https:\/\/sport-vereint.de\/wp-content\/uploads\/2025\/11\/2025-11-08-Fachtagung-IDS-Potsdam_6-min-scaled-1-1024x681.webp 1024w, https:\/\/sport-vereint.de\/wp-content\/uploads\/2025\/11\/2025-11-08-Fachtagung-IDS-Potsdam_6-min-scaled-1-300x200.webp 300w, https:\/\/sport-vereint.de\/wp-content\/uploads\/2025\/11\/2025-11-08-Fachtagung-IDS-Potsdam_6-min-scaled-1-768x511.webp 768w, https:\/\/sport-vereint.de\/wp-content\/uploads\/2025\/11\/2025-11-08-Fachtagung-IDS-Potsdam_6-min-scaled-1-1536x1022.webp 1536w, https:\/\/sport-vereint.de\/wp-content\/uploads\/2025\/11\/2025-11-08-Fachtagung-IDS-Potsdam_6-min-scaled-1.webp 1920w\" sizes=\"(max-width: 1024px) 100vw, 1024px\" \/><\/figure>\n\n\n\n<figure class=\"wp-block-image size-large\"><img decoding=\"async\" width=\"1024\" height=\"681\" data-id=\"2075\" src=\"https:\/\/sport-vereint.de\/wp-content\/uploads\/2025\/11\/2025-11-08-Fachtagung-IDS-Potsdam_5-min-scaled-1-1024x681.webp\" alt=\"\" class=\"wp-image-2075\" srcset=\"https:\/\/sport-vereint.de\/wp-content\/uploads\/2025\/11\/2025-11-08-Fachtagung-IDS-Potsdam_5-min-scaled-1-1024x681.webp 1024w, https:\/\/sport-vereint.de\/wp-content\/uploads\/2025\/11\/2025-11-08-Fachtagung-IDS-Potsdam_5-min-scaled-1-300x200.webp 300w, https:\/\/sport-vereint.de\/wp-content\/uploads\/2025\/11\/2025-11-08-Fachtagung-IDS-Potsdam_5-min-scaled-1-768x511.webp 768w, https:\/\/sport-vereint.de\/wp-content\/uploads\/2025\/11\/2025-11-08-Fachtagung-IDS-Potsdam_5-min-scaled-1-1536x1022.webp 1536w, https:\/\/sport-vereint.de\/wp-content\/uploads\/2025\/11\/2025-11-08-Fachtagung-IDS-Potsdam_5-min-scaled-1.webp 1920w\" sizes=\"(max-width: 1024px) 100vw, 1024px\" \/><\/figure>\n\n\n\n<figure class=\"wp-block-image size-large\"><img decoding=\"async\" width=\"1024\" height=\"681\" data-id=\"2074\" src=\"https:\/\/sport-vereint.de\/wp-content\/uploads\/2025\/11\/2025-11-08-Fachtagung-IDS-Potsdam_4-min-scaled-1-1024x681.webp\" alt=\"\" class=\"wp-image-2074\" srcset=\"https:\/\/sport-vereint.de\/wp-content\/uploads\/2025\/11\/2025-11-08-Fachtagung-IDS-Potsdam_4-min-scaled-1-1024x681.webp 1024w, https:\/\/sport-vereint.de\/wp-content\/uploads\/2025\/11\/2025-11-08-Fachtagung-IDS-Potsdam_4-min-scaled-1-300x200.webp 300w, https:\/\/sport-vereint.de\/wp-content\/uploads\/2025\/11\/2025-11-08-Fachtagung-IDS-Potsdam_4-min-scaled-1-768x511.webp 768w, https:\/\/sport-vereint.de\/wp-content\/uploads\/2025\/11\/2025-11-08-Fachtagung-IDS-Potsdam_4-min-scaled-1-1536x1022.webp 1536w, https:\/\/sport-vereint.de\/wp-content\/uploads\/2025\/11\/2025-11-08-Fachtagung-IDS-Potsdam_4-min-scaled-1.webp 1920w\" sizes=\"(max-width: 1024px) 100vw, 1024px\" \/><\/figure>\n\n\n\n<figure class=\"wp-block-image size-large\"><img loading=\"lazy\" decoding=\"async\" width=\"1024\" height=\"682\" data-id=\"2073\" src=\"https:\/\/sport-vereint.de\/wp-content\/uploads\/2025\/11\/2025-11-08-Fachtagung-IDS-Potsdam_3-min-scaled-1-1024x682.webp\" alt=\"\" class=\"wp-image-2073\" srcset=\"https:\/\/sport-vereint.de\/wp-content\/uploads\/2025\/11\/2025-11-08-Fachtagung-IDS-Potsdam_3-min-scaled-1-1024x682.webp 1024w, https:\/\/sport-vereint.de\/wp-content\/uploads\/2025\/11\/2025-11-08-Fachtagung-IDS-Potsdam_3-min-scaled-1-300x200.webp 300w, https:\/\/sport-vereint.de\/wp-content\/uploads\/2025\/11\/2025-11-08-Fachtagung-IDS-Potsdam_3-min-scaled-1-768x511.webp 768w, https:\/\/sport-vereint.de\/wp-content\/uploads\/2025\/11\/2025-11-08-Fachtagung-IDS-Potsdam_3-min-scaled-1-1536x1022.webp 1536w, https:\/\/sport-vereint.de\/wp-content\/uploads\/2025\/11\/2025-11-08-Fachtagung-IDS-Potsdam_3-min-scaled-1.webp 1920w\" sizes=\"(max-width: 1024px) 100vw, 1024px\" \/><\/figure>\n\n\n\n<figure class=\"wp-block-image size-large\"><img loading=\"lazy\" decoding=\"async\" width=\"1024\" height=\"681\" data-id=\"2071\" src=\"https:\/\/sport-vereint.de\/wp-content\/uploads\/2025\/11\/2025-11-08-Fachtagung-IDS-Potsdam_2-min-scaled-1-1024x681.webp\" alt=\"\" class=\"wp-image-2071\" srcset=\"https:\/\/sport-vereint.de\/wp-content\/uploads\/2025\/11\/2025-11-08-Fachtagung-IDS-Potsdam_2-min-scaled-1-1024x681.webp 1024w, https:\/\/sport-vereint.de\/wp-content\/uploads\/2025\/11\/2025-11-08-Fachtagung-IDS-Potsdam_2-min-scaled-1-300x200.webp 300w, https:\/\/sport-vereint.de\/wp-content\/uploads\/2025\/11\/2025-11-08-Fachtagung-IDS-Potsdam_2-min-scaled-1-768x511.webp 768w, https:\/\/sport-vereint.de\/wp-content\/uploads\/2025\/11\/2025-11-08-Fachtagung-IDS-Potsdam_2-min-scaled-1-1536x1022.webp 1536w, https:\/\/sport-vereint.de\/wp-content\/uploads\/2025\/11\/2025-11-08-Fachtagung-IDS-Potsdam_2-min-scaled-1.webp 1920w\" sizes=\"(max-width: 1024px) 100vw, 1024px\" \/><\/figure>\n\n\n\n<figure class=\"wp-block-image size-large\"><img loading=\"lazy\" decoding=\"async\" width=\"1024\" height=\"682\" data-id=\"2069\" src=\"https:\/\/sport-vereint.de\/wp-content\/uploads\/2025\/11\/2025-11-08_Jahrestagung-IDSPotsdam-min-scaled-1-1024x682.webp\" alt=\"\" class=\"wp-image-2069\" srcset=\"https:\/\/sport-vereint.de\/wp-content\/uploads\/2025\/11\/2025-11-08_Jahrestagung-IDSPotsdam-min-scaled-1-1024x682.webp 1024w, https:\/\/sport-vereint.de\/wp-content\/uploads\/2025\/11\/2025-11-08_Jahrestagung-IDSPotsdam-min-scaled-1-300x200.webp 300w, https:\/\/sport-vereint.de\/wp-content\/uploads\/2025\/11\/2025-11-08_Jahrestagung-IDSPotsdam-min-scaled-1-768x511.webp 768w, https:\/\/sport-vereint.de\/wp-content\/uploads\/2025\/11\/2025-11-08_Jahrestagung-IDSPotsdam-min-scaled-1-1536x1022.webp 1536w, https:\/\/sport-vereint.de\/wp-content\/uploads\/2025\/11\/2025-11-08_Jahrestagung-IDSPotsdam-min-scaled-1.webp 1920w\" sizes=\"(max-width: 1024px) 100vw, 1024px\" \/><\/figure>\n<\/figure>\n\n<p>En tant que <strong>club de soutien reconnu dans le programme d&rsquo;int\u00e9gration par le sport<\/strong>, le Familien-Sport-Verein-Oberhavel e.V. \u00e9tait \u00e9galement repr\u00e9sent\u00e9. Le <strong>8 novembre 2025<\/strong>, l&rsquo;association a pr\u00e9sent\u00e9 son travail de projet \u00e0 la Maison du sport, contribuant ainsi activement \u00e0 la discussion sp\u00e9cialis\u00e9e. Le colloque, organis\u00e9 par la Brandenburgische Sportjugend, a offert un cadre global pour rendre les exp\u00e9riences visibles, renforcer les r\u00e9seaux et d\u00e9velopper de nouvelles approches pour les offres sportives int\u00e9gratives.  <\/p>\n\n<p><\/p>\n","protected":false},"excerpt":{"rendered":"<p>Lors du colloque \u00ab\u00a0L&rsquo;int\u00e9gration par le sport\u00a0\u00bb \u00e0 Potsdam, de nombreux acteurs d&rsquo;associations sportives, de f\u00e9d\u00e9rations et de projets se sont r\u00e9unis pour \u00e9changer sur les d\u00e9veloppements actuels, les exemples de bonnes pratiques et les nouvelles impulsions. L&rsquo;\u00e9v\u00e9nement a une fois de plus soulign\u00e9 l&rsquo;importance du sport pour une coexistence respectueuse et des processus d&rsquo;int\u00e9gration [&hellip;]<\/p>\n","protected":false},"author":2,"featured_media":9631,"comment_status":"closed","ping_status":"closed","sticky":false,"template":"","format":"standard","meta":{"footnotes":""},"categories":[11],"tags":[],"class_list":["post-2641","post","type-post","status-publish","format-standard","has-post-thumbnail","hentry","category-non-categorise"],"_links":{"self":[{"href":"https:\/\/sport-vereint.de\/fr\/wp-json\/wp\/v2\/posts\/2641","targetHints":{"allow":["GET"]}}],"collection":[{"href":"https:\/\/sport-vereint.de\/fr\/wp-json\/wp\/v2\/posts"}],"about":[{"href":"https:\/\/sport-vereint.de\/fr\/wp-json\/wp\/v2\/types\/post"}],"author":[{"embeddable":true,"href":"https:\/\/sport-vereint.de\/fr\/wp-json\/wp\/v2\/users\/2"}],"replies":[{"embeddable":true,"href":"https:\/\/sport-vereint.de\/fr\/wp-json\/wp\/v2\/comments?post=2641"}],"version-history":[{"count":6,"href":"https:\/\/sport-vereint.de\/fr\/wp-json\/wp\/v2\/posts\/2641\/revisions"}],"predecessor-version":[{"id":9667,"href":"https:\/\/sport-vereint.de\/fr\/wp-json\/wp\/v2\/posts\/2641\/revisions\/9667"}],"wp:featuredmedia":[{"embeddable":true,"href":"https:\/\/sport-vereint.de\/fr\/wp-json\/wp\/v2\/media\/9631"}],"wp:attachment":[{"href":"https:\/\/sport-vereint.de\/fr\/wp-json\/wp\/v2\/media?parent=2641"}],"wp:term":[{"taxonomy":"category","embeddable":true,"href":"https:\/\/sport-vereint.de\/fr\/wp-json\/wp\/v2\/categories?post=2641"},{"taxonomy":"post_tag","embeddable":true,"href":"https:\/\/sport-vereint.de\/fr\/wp-json\/wp\/v2\/tags?post=2641"}],"curies":[{"name":"wp","href":"https:\/\/api.w.org\/{rel}","templated":true}]}}