{"id":2625,"date":"2025-11-23T20:19:00","date_gmt":"2025-11-23T19:19:00","guid":{"rendered":"https:\/\/sport-vereint.de\/entegrasyon-icin-birlikte-gueclueyuez\/"},"modified":"2026-02-10T19:31:27","modified_gmt":"2026-02-10T18:31:27","slug":"entegrasyon-icin-birlikte-gueclueyuez","status":"publish","type":"post","link":"https:\/\/sport-vereint.de\/tr\/entegrasyon-icin-birlikte-gueclueyuez\/","title":{"rendered":"ENTEGRASYON \u0130\u00c7\u0130N B\u0130RL\u0130KTE G\u00dc\u00c7L\u00dcY\u00dcZ"},"content":{"rendered":"\n<p>Potsdam&#8217;daki <strong>&#8220;Spor Yoluyla Entegrasyon&#8221;<\/strong> konferans\u0131nda, spor kul\u00fcplerinden, federasyonlardan ve projelerden \u00e7ok say\u0131da kat\u0131l\u0131mc\u0131 bir araya gelerek g\u00fcncel geli\u015fmeleri, ba\u015far\u0131l\u0131 uygulama \u00f6rneklerini ve yeni fikirleri payla\u015ft\u0131. Etkinlik, sporun kar\u015f\u0131l\u0131kl\u0131 sayg\u0131 ve ba\u015far\u0131l\u0131 entegrasyon s\u00fcre\u00e7leri i\u00e7in ne kadar \u00f6nemli oldu\u011funu bir kez daha g\u00f6sterdi.<\/p>\n\n<figure class=\"wp-block-gallery has-nested-images columns-default is-cropped wp-block-gallery-1 is-layout-flex wp-block-gallery-is-layout-flex\">\n<figure class=\"wp-block-image size-large\"><img fetchpriority=\"high\" decoding=\"async\" width=\"1024\" height=\"681\" data-id=\"2076\" src=\"https:\/\/sport-vereint.de\/wp-content\/uploads\/2025\/11\/2025-11-08-Fachtagung-IDS-Potsdam_6-min-scaled-1-1024x681.webp\" alt=\"\" class=\"wp-image-2076\" srcset=\"https:\/\/sport-vereint.de\/wp-content\/uploads\/2025\/11\/2025-11-08-Fachtagung-IDS-Potsdam_6-min-scaled-1-1024x681.webp 1024w, https:\/\/sport-vereint.de\/wp-content\/uploads\/2025\/11\/2025-11-08-Fachtagung-IDS-Potsdam_6-min-scaled-1-300x200.webp 300w, https:\/\/sport-vereint.de\/wp-content\/uploads\/2025\/11\/2025-11-08-Fachtagung-IDS-Potsdam_6-min-scaled-1-768x511.webp 768w, https:\/\/sport-vereint.de\/wp-content\/uploads\/2025\/11\/2025-11-08-Fachtagung-IDS-Potsdam_6-min-scaled-1-1536x1022.webp 1536w, https:\/\/sport-vereint.de\/wp-content\/uploads\/2025\/11\/2025-11-08-Fachtagung-IDS-Potsdam_6-min-scaled-1.webp 1920w\" sizes=\"(max-width: 1024px) 100vw, 1024px\" \/><\/figure>\n\n\n\n<figure class=\"wp-block-image size-large\"><img decoding=\"async\" width=\"1024\" height=\"681\" data-id=\"2075\" src=\"https:\/\/sport-vereint.de\/wp-content\/uploads\/2025\/11\/2025-11-08-Fachtagung-IDS-Potsdam_5-min-scaled-1-1024x681.webp\" alt=\"\" class=\"wp-image-2075\" srcset=\"https:\/\/sport-vereint.de\/wp-content\/uploads\/2025\/11\/2025-11-08-Fachtagung-IDS-Potsdam_5-min-scaled-1-1024x681.webp 1024w, https:\/\/sport-vereint.de\/wp-content\/uploads\/2025\/11\/2025-11-08-Fachtagung-IDS-Potsdam_5-min-scaled-1-300x200.webp 300w, https:\/\/sport-vereint.de\/wp-content\/uploads\/2025\/11\/2025-11-08-Fachtagung-IDS-Potsdam_5-min-scaled-1-768x511.webp 768w, https:\/\/sport-vereint.de\/wp-content\/uploads\/2025\/11\/2025-11-08-Fachtagung-IDS-Potsdam_5-min-scaled-1-1536x1022.webp 1536w, https:\/\/sport-vereint.de\/wp-content\/uploads\/2025\/11\/2025-11-08-Fachtagung-IDS-Potsdam_5-min-scaled-1.webp 1920w\" sizes=\"(max-width: 1024px) 100vw, 1024px\" \/><\/figure>\n\n\n\n<figure class=\"wp-block-image size-large\"><img decoding=\"async\" width=\"1024\" height=\"681\" data-id=\"2074\" src=\"https:\/\/sport-vereint.de\/wp-content\/uploads\/2025\/11\/2025-11-08-Fachtagung-IDS-Potsdam_4-min-scaled-1-1024x681.webp\" alt=\"\" class=\"wp-image-2074\" srcset=\"https:\/\/sport-vereint.de\/wp-content\/uploads\/2025\/11\/2025-11-08-Fachtagung-IDS-Potsdam_4-min-scaled-1-1024x681.webp 1024w, https:\/\/sport-vereint.de\/wp-content\/uploads\/2025\/11\/2025-11-08-Fachtagung-IDS-Potsdam_4-min-scaled-1-300x200.webp 300w, https:\/\/sport-vereint.de\/wp-content\/uploads\/2025\/11\/2025-11-08-Fachtagung-IDS-Potsdam_4-min-scaled-1-768x511.webp 768w, https:\/\/sport-vereint.de\/wp-content\/uploads\/2025\/11\/2025-11-08-Fachtagung-IDS-Potsdam_4-min-scaled-1-1536x1022.webp 1536w, https:\/\/sport-vereint.de\/wp-content\/uploads\/2025\/11\/2025-11-08-Fachtagung-IDS-Potsdam_4-min-scaled-1.webp 1920w\" sizes=\"(max-width: 1024px) 100vw, 1024px\" \/><\/figure>\n\n\n\n<figure class=\"wp-block-image size-large\"><img loading=\"lazy\" decoding=\"async\" width=\"1024\" height=\"682\" data-id=\"2073\" src=\"https:\/\/sport-vereint.de\/wp-content\/uploads\/2025\/11\/2025-11-08-Fachtagung-IDS-Potsdam_3-min-scaled-1-1024x682.webp\" alt=\"\" class=\"wp-image-2073\" srcset=\"https:\/\/sport-vereint.de\/wp-content\/uploads\/2025\/11\/2025-11-08-Fachtagung-IDS-Potsdam_3-min-scaled-1-1024x682.webp 1024w, https:\/\/sport-vereint.de\/wp-content\/uploads\/2025\/11\/2025-11-08-Fachtagung-IDS-Potsdam_3-min-scaled-1-300x200.webp 300w, https:\/\/sport-vereint.de\/wp-content\/uploads\/2025\/11\/2025-11-08-Fachtagung-IDS-Potsdam_3-min-scaled-1-768x511.webp 768w, https:\/\/sport-vereint.de\/wp-content\/uploads\/2025\/11\/2025-11-08-Fachtagung-IDS-Potsdam_3-min-scaled-1-1536x1022.webp 1536w, https:\/\/sport-vereint.de\/wp-content\/uploads\/2025\/11\/2025-11-08-Fachtagung-IDS-Potsdam_3-min-scaled-1.webp 1920w\" sizes=\"(max-width: 1024px) 100vw, 1024px\" \/><\/figure>\n\n\n\n<figure class=\"wp-block-image size-large\"><img loading=\"lazy\" decoding=\"async\" width=\"1024\" height=\"681\" data-id=\"2071\" src=\"https:\/\/sport-vereint.de\/wp-content\/uploads\/2025\/11\/2025-11-08-Fachtagung-IDS-Potsdam_2-min-scaled-1-1024x681.webp\" alt=\"\" class=\"wp-image-2071\" srcset=\"https:\/\/sport-vereint.de\/wp-content\/uploads\/2025\/11\/2025-11-08-Fachtagung-IDS-Potsdam_2-min-scaled-1-1024x681.webp 1024w, https:\/\/sport-vereint.de\/wp-content\/uploads\/2025\/11\/2025-11-08-Fachtagung-IDS-Potsdam_2-min-scaled-1-300x200.webp 300w, https:\/\/sport-vereint.de\/wp-content\/uploads\/2025\/11\/2025-11-08-Fachtagung-IDS-Potsdam_2-min-scaled-1-768x511.webp 768w, https:\/\/sport-vereint.de\/wp-content\/uploads\/2025\/11\/2025-11-08-Fachtagung-IDS-Potsdam_2-min-scaled-1-1536x1022.webp 1536w, https:\/\/sport-vereint.de\/wp-content\/uploads\/2025\/11\/2025-11-08-Fachtagung-IDS-Potsdam_2-min-scaled-1.webp 1920w\" sizes=\"(max-width: 1024px) 100vw, 1024px\" \/><\/figure>\n\n\n\n<figure class=\"wp-block-image size-large\"><img loading=\"lazy\" decoding=\"async\" width=\"1024\" height=\"682\" data-id=\"2069\" src=\"https:\/\/sport-vereint.de\/wp-content\/uploads\/2025\/11\/2025-11-08_Jahrestagung-IDSPotsdam-min-scaled-1-1024x682.webp\" alt=\"\" class=\"wp-image-2069\" srcset=\"https:\/\/sport-vereint.de\/wp-content\/uploads\/2025\/11\/2025-11-08_Jahrestagung-IDSPotsdam-min-scaled-1-1024x682.webp 1024w, https:\/\/sport-vereint.de\/wp-content\/uploads\/2025\/11\/2025-11-08_Jahrestagung-IDSPotsdam-min-scaled-1-300x200.webp 300w, https:\/\/sport-vereint.de\/wp-content\/uploads\/2025\/11\/2025-11-08_Jahrestagung-IDSPotsdam-min-scaled-1-768x511.webp 768w, https:\/\/sport-vereint.de\/wp-content\/uploads\/2025\/11\/2025-11-08_Jahrestagung-IDSPotsdam-min-scaled-1-1536x1022.webp 1536w, https:\/\/sport-vereint.de\/wp-content\/uploads\/2025\/11\/2025-11-08_Jahrestagung-IDSPotsdam-min-scaled-1.webp 1920w\" sizes=\"(max-width: 1024px) 100vw, 1024px\" \/><\/figure>\n<\/figure>\n\n<p>Familien-Sport-Verein-Oberhavel e.V., <strong>Spor Yoluyla Entegrasyon Program\u0131&#8217;n\u0131n tan\u0131nm\u0131\u015f destek kul\u00fcb\u00fc<\/strong> olarak temsil edildi. Kul\u00fcp, <strong>8 Kas\u0131m 2025<\/strong> tarihinde Spor Evi&#8217;nde proje \u00e7al\u0131\u015fmas\u0131n\u0131 sundu ve b\u00f6ylece mesleki tart\u0131\u015fmalara aktif katk\u0131da bulundu. Brandenburg Gen\u00e7lik Spor Te\u015fkilat\u0131 taraf\u0131ndan d\u00fczenlenen konferans, deneyimleri g\u00f6r\u00fcn\u00fcr k\u0131lmak, a\u011flar\u0131 g\u00fc\u00e7lendirmek ve kapsay\u0131c\u0131 spor aktiviteleri i\u00e7in yeni yakla\u015f\u0131mlar geli\u015ftirmek ad\u0131na kapsaml\u0131 bir ortam sa\u011flad\u0131.<\/p>\n\n<p><\/p>\n","protected":false},"excerpt":{"rendered":"<p>Potsdam&#8217;daki &#8220;Spor Yoluyla Entegrasyon&#8221; konferans\u0131nda, spor kul\u00fcplerinden, federasyonlardan ve projelerden \u00e7ok say\u0131da kat\u0131l\u0131mc\u0131 bir araya gelerek g\u00fcncel geli\u015fmeleri, ba\u015far\u0131l\u0131 uygulama \u00f6rneklerini ve yeni fikirleri payla\u015ft\u0131. Etkinlik, sporun kar\u015f\u0131l\u0131kl\u0131 sayg\u0131 ve ba\u015far\u0131l\u0131 entegrasyon s\u00fcre\u00e7leri i\u00e7in ne kadar \u00f6nemli oldu\u011funu bir kez daha g\u00f6sterdi. Familien-Sport-Verein-Oberhavel e.V., Spor Yoluyla Entegrasyon Program\u0131&#8217;n\u0131n tan\u0131nm\u0131\u015f destek kul\u00fcb\u00fc olarak temsil edildi. Kul\u00fcp, [&hellip;]<\/p>\n","protected":false},"author":2,"featured_media":9633,"comment_status":"closed","ping_status":"closed","sticky":false,"template":"","format":"standard","meta":{"footnotes":""},"categories":[1],"tags":[],"class_list":["post-2625","post","type-post","status-publish","format-standard","has-post-thumbnail","hentry","category-nicht-kategorisiert"],"_links":{"self":[{"href":"https:\/\/sport-vereint.de\/tr\/wp-json\/wp\/v2\/posts\/2625","targetHints":{"allow":["GET"]}}],"collection":[{"href":"https:\/\/sport-vereint.de\/tr\/wp-json\/wp\/v2\/posts"}],"about":[{"href":"https:\/\/sport-vereint.de\/tr\/wp-json\/wp\/v2\/types\/post"}],"author":[{"embeddable":true,"href":"https:\/\/sport-vereint.de\/tr\/wp-json\/wp\/v2\/users\/2"}],"replies":[{"embeddable":true,"href":"https:\/\/sport-vereint.de\/tr\/wp-json\/wp\/v2\/comments?post=2625"}],"version-history":[{"count":6,"href":"https:\/\/sport-vereint.de\/tr\/wp-json\/wp\/v2\/posts\/2625\/revisions"}],"predecessor-version":[{"id":9669,"href":"https:\/\/sport-vereint.de\/tr\/wp-json\/wp\/v2\/posts\/2625\/revisions\/9669"}],"wp:featuredmedia":[{"embeddable":true,"href":"https:\/\/sport-vereint.de\/tr\/wp-json\/wp\/v2\/media\/9633"}],"wp:attachment":[{"href":"https:\/\/sport-vereint.de\/tr\/wp-json\/wp\/v2\/media?parent=2625"}],"wp:term":[{"taxonomy":"category","embeddable":true,"href":"https:\/\/sport-vereint.de\/tr\/wp-json\/wp\/v2\/categories?post=2625"},{"taxonomy":"post_tag","embeddable":true,"href":"https:\/\/sport-vereint.de\/tr\/wp-json\/wp\/v2\/tags?post=2625"}],"curies":[{"name":"wp","href":"https:\/\/api.w.org\/{rel}","templated":true}]}}